{"id":3738,"date":"2022-11-14T11:19:32","date_gmt":"2022-11-14T11:19:32","guid":{"rendered":"https:\/\/comparemyjet.com\/?p=3738"},"modified":"2025-09-04T09:56:00","modified_gmt":"2025-09-04T09:56:00","slug":"cei-mai-rai-poluatori-privati-de-avioane","status":"publish","type":"post","link":"https:\/\/comparemyjet.com\/ro\/cei-mai-rai-poluatori-privati-de-avioane\/","title":{"rendered":"Cei mai mari poluatori de avioane private \u00een ultimii 3 ani"},"content":{"rendered":"<p><a href=\"https:\/\/i.redd.it\/q1p718pedaz91.png\" target=\"_blank\" rel=\"noopener\"><img loading=\"lazy\" decoding=\"async\" src=\"https:\/\/comparemyjet.com\/wp-content\/uploads\/private-jet-pollution.png\" alt=\"\" width=\"1740\" height=\"1318\" class=\"alignnone size-full wp-image-3739\" srcset=\"https:\/\/comparemyjet.com\/wp-content\/uploads\/private-jet-pollution-16x12.png 16w, https:\/\/comparemyjet.com\/wp-content\/uploads\/private-jet-pollution-300x227.png 300w, https:\/\/comparemyjet.com\/wp-content\/uploads\/private-jet-pollution-768x582.png 768w, https:\/\/comparemyjet.com\/wp-content\/uploads\/private-jet-pollution-1024x776.png 1024w, https:\/\/comparemyjet.com\/wp-content\/uploads\/private-jet-pollution-1536x1163.png 1536w, https:\/\/comparemyjet.com\/wp-content\/uploads\/private-jet-pollution.png 1740w\" sizes=\"auto, (max-width: 1740px) 100vw, 1740px\" \/><\/a><center><em>Datele provin din <a href=\"https:\/\/www.reddit.com\/r\/dataisbeautiful\/comments\/ys5eyz\/private_jet_emissions_in_the_last_3_years_of\/\" target=\"_blank\" rel=\"noopener\">utilizator reddit AndooBundoo<\/a><\/em><\/center><br \/><\/br><\/p>\n<p>Tabelul de mai sus prezint\u0103 emisiile de avioane private \u00een ultimii 3 ani ale multor persoane cunoscute, calculate folosind un sistem deschis de calcul al emisiilor de gaze cu reac\u021bie. <a href=\"https:\/\/www.adsbexchange.com\/\" target=\"_blank\" rel=\"noopener\">Date ADS-B<\/a>. Acesta arat\u0103 de c\u00e2te ori a poluat fiecare persoan\u0103 \u00een compara\u021bie cu un <em>\"medie\"<\/em> umane.<\/p>\n<p>Datele sunt deosebit de impresionante dac\u0103 ne g\u00e2ndim c\u0103 o persoan\u0103 obi\u0219nuit\u0103 de pe P\u0103m\u00e2nt produce 5 tone de CO2, iar o persoan\u0103 obi\u0219nuit\u0103 din \u021b\u0103rile industrializate aproximativ 10 tone de CO2 pe an. \u00cen graficul de mai sus, axa x este reprezentat\u0103 de kilotone (mii de tone).<\/p>\n<p>Reddit a oferit c\u00e2teva comentarii interesante despre aceasta:<\/p>\n<p>a declarat utilizatorul knorkinator:<br \/>\n-<\/p>\n<blockquote><p>V\u0103 rug\u0103m s\u0103 \u021bine\u021bi cont de faptul c\u0103 acestea sunt datele avioanelor lor, care sunt adesea \u00eenchiriate pentru a acoperi costurile. Aceasta nu \u00eenseamn\u0103 c\u0103 ei \u00een\u0219i\u0219i au zburat at\u00e2t de mult.<\/p><\/blockquote>\n<p>la care AndooBundoo a r\u0103spuns:<\/p>\n<blockquote><p>Se pot trage totu\u0219i c\u00e2teva concluzii foarte semnificative cu privire la discrepan\u021ba dintre avia\u021bia civil\u0103 public\u0103 \u0219i cea privat\u0103.<\/p>\n<p>S\u0103 lu\u0103m exemplul lui Elon Musk, dat \u00een articolul de cercetare \u00een care este publicat\u0103 aceast\u0103 lucrare (link \u00een cel\u0103lalt comentariu al meu din acest topic). \u00centr-o lun\u0103, avionul s\u0103u a emis 600 de tone de CO2, echivalentul a ceea ce ar emite aproximativ 720 de persoane medii \u00een aceea\u0219i perioad\u0103 de timp. Iar aeronava a c\u0103l\u0103torit \u00eentre destina\u021bii bine cunoscute ale proprietarului, deci probabilitatea ca aceasta s\u0103 fi fost \u00eenchiriat\u0103 este mic\u0103.<\/p>\n<p>Edit: Deoarece acesta este comentariul meu cel mai vizibil \u00een acest fir, voi da credit autorului original din nou aici:<\/p>\n<p>Datele au fost colectate folosind date ADS-B cu acces liber finan\u021bate prin crowdfunding de la <a href=\"https:\/\/opensky-network.org\/\" target=\"_blank\" rel=\"noopener\">Re\u021beaua OpenSky<\/a>.<\/p>\n<p>Lucrarea a fost realizat\u0103 de J. Sun et al., manuscrisul articolului este disponibil. <a href=\"https:\/\/surfdrive.surf.nl\/files\/index.php\/s\/4VM8Mu9BviNV8NV\/download?path=%2F&#038;files=2225_paper.pdf\" target=\"_blank\" rel=\"noopener\">aici<\/a>.<\/p>\n<p>Modelul de performan\u021b\u0103 al aeronavei utilizat pentru a genera datele: <a href=\"https:\/\/openap.dev\/\" target=\"_blank\" rel=\"noopener\">OpenAP<\/a>.<\/p><\/blockquote>\n<p>Dac\u0103 sunte\u021bi preocupat de emisiile de carbon, pute\u021bi s\u0103 v\u0103 interesa\u021bi de <a href=\"http:\/\/carboneasy.sjv.io\/LPQgra\" target=\"_blank\" rel=\"nofollow noopener\">sisteme de compensare a emisiilor de carbon<\/a>. Printre organiza\u021biile care le ofer\u0103 se num\u0103r\u0103: <a href=\"https:\/\/www.goldstandard.org\/\" target=\"_blank\" rel=\"noopener\">Standard de aur<\/a>, <a href=\"https:\/\/www.green-e.org\/certified-resources\/carbon-offsets\" target=\"_blank\" rel=\"noopener\">Green-e<\/a> \u0219i <a href=\"https:\/\/www.climateactionreserve.org\/\" target=\"_blank\" rel=\"noopener\">Rezerva pentru ac\u021biuni climatice<\/a>.  <\/p>","protected":false},"excerpt":{"rendered":"<p>Datele provin de la utilizatorul reddit AndooBundoo Tabelul de mai sus prezint\u0103 emisiile avioanelor private \u00een ultimii 3 ani ale multor persoane cunoscute, calculate folosind date ADS-B deschise. Acesta arat\u0103 de c\u00e2te ori a poluat fiecare persoan\u0103 \u00een plus fa\u021b\u0103 de un om \"mediu\". Datele sunt deosebit de impresionante dac\u0103 ne g\u00e2ndim c\u0103 o persoan\u0103 medie de pe P\u0103m\u00e2nt produce ...<\/p>","protected":false},"author":1,"featured_media":0,"comment_status":"open","ping_status":"open","sticky":false,"template":"","format":"standard","meta":{"_acf_changed":false,"_genesis_hide_title":false,"_genesis_hide_breadcrumbs":false,"_genesis_hide_singular_image":false,"_genesis_hide_footer_widgets":false,"_genesis_custom_body_class":"","_genesis_custom_post_class":"","_genesis_layout":"","footnotes":""},"categories":[5],"tags":[],"class_list":{"2":"type-post","6":"category-data","7":"entry"},"acf":[],"_links":{"self":[{"href":"https:\/\/comparemyjet.com\/ro\/wp-json\/wp\/v2\/posts\/3738","targetHints":{"allow":["GET"]}}],"collection":[{"href":"https:\/\/comparemyjet.com\/ro\/wp-json\/wp\/v2\/posts"}],"about":[{"href":"https:\/\/comparemyjet.com\/ro\/wp-json\/wp\/v2\/types\/post"}],"author":[{"embeddable":true,"href":"https:\/\/comparemyjet.com\/ro\/wp-json\/wp\/v2\/users\/1"}],"replies":[{"embeddable":true,"href":"https:\/\/comparemyjet.com\/ro\/wp-json\/wp\/v2\/comments?post=3738"}],"version-history":[{"count":7,"href":"https:\/\/comparemyjet.com\/ro\/wp-json\/wp\/v2\/posts\/3738\/revisions"}],"predecessor-version":[{"id":3746,"href":"https:\/\/comparemyjet.com\/ro\/wp-json\/wp\/v2\/posts\/3738\/revisions\/3746"}],"wp:attachment":[{"href":"https:\/\/comparemyjet.com\/ro\/wp-json\/wp\/v2\/media?parent=3738"}],"wp:term":[{"taxonomy":"category","embeddable":true,"href":"https:\/\/comparemyjet.com\/ro\/wp-json\/wp\/v2\/categories?post=3738"},{"taxonomy":"post_tag","embeddable":true,"href":"https:\/\/comparemyjet.com\/ro\/wp-json\/wp\/v2\/tags?post=3738"}],"curies":[{"name":"wp","href":"https:\/\/api.w.org\/{rel}","templated":true}]}}